{"id":360,"date":"2014-09-03T11:11:43","date_gmt":"2014-09-03T11:11:43","guid":{"rendered":"http:\/\/cias2014.webs.upv.es\/?p=360"},"modified":"2014-09-03T18:00:37","modified_gmt":"2014-09-03T18:00:37","slug":"el-cubo-azul","status":"publish","type":"post","link":"https:\/\/cias2014.webs.upv.es\/?p=360","title":{"rendered":"El Cubo Azul"},"content":{"rendered":"<p>La sede del congreso es en la tercera planta del edificio 8B de la UPV (en la Ciudad Polit\u00e9cnica de la Innovaci\u00f3n) donde est\u00e1n los salones de actos del Cubo Azul y del Cubo Rojo. Consultad la p\u00e1gina de &#8220;<span style=\"text-decoration: underline;\"><a title=\"C\u00f3mo llegar\" href=\"http:\/\/cias2014.webs.upv.es\/?page_id=59\">c\u00f3mo llegar<\/a><\/span>&#8221; con informaci\u00f3n sobre el transporte p\u00fablico. Estamos en el extremo sureste del campus, el m\u00e1s alejado de la avenida de Catalu\u00f1a y el m\u00e1s pr\u00f3ximo al mar. Esto es lo que ver\u00e9is desde la esquina sureste del campus mirando hacia el oeste, y desde ah\u00ed tendr\u00e9is que encontrar c\u00f3mo subir hasta el cubo (que como bien pod\u00e9is apreciar no es un cubo sino un paralelep\u00edpedo):<\/p>\n<p><a href=\"https:\/\/cias2014.webs.upv.es\/wordpress\/wp-content\/uploads\/2014\/09\/cubo_azul_cpi.jpg\"><img loading=\"lazy\" decoding=\"async\" class=\"aligncenter wp-image-361 size-full\" src=\"https:\/\/cias2014.webs.upv.es\/wordpress\/wp-content\/uploads\/2014\/09\/cubo_azul_cpi.jpg\" alt=\"cubo_azul_cpi\" width=\"640\" height=\"480\" srcset=\"https:\/\/cias2014.webs.upv.es\/wordpress\/wp-content\/uploads\/2014\/09\/cubo_azul_cpi.jpg 640w, https:\/\/cias2014.webs.upv.es\/wordpress\/wp-content\/uploads\/2014\/09\/cubo_azul_cpi-300x225.jpg 300w\" sizes=\"auto, (max-width: 640px) 100vw, 640px\" \/><\/a>y este es el sal\u00f3n de actos del Cubo Azul:<\/p>\n<p><a href=\"https:\/\/cias2014.webs.upv.es\/wordpress\/wp-content\/uploads\/2014\/09\/DesdeCuboAzul.jpg\"><img loading=\"lazy\" decoding=\"async\" class=\"aligncenter wp-image-362\" src=\"https:\/\/cias2014.webs.upv.es\/wordpress\/wp-content\/uploads\/2014\/09\/DesdeCuboAzul.jpg\" alt=\"DesdeCuboAzul\" width=\"640\" height=\"480\" srcset=\"https:\/\/cias2014.webs.upv.es\/wordpress\/wp-content\/uploads\/2014\/09\/DesdeCuboAzul.jpg 800w, https:\/\/cias2014.webs.upv.es\/wordpress\/wp-content\/uploads\/2014\/09\/DesdeCuboAzul-300x225.jpg 300w\" sizes=\"auto, (max-width: 640px) 100vw, 640px\" \/><\/a><\/p>\n","protected":false},"excerpt":{"rendered":"<p>La sede del congreso es en la tercera planta del edificio 8B de la UPV (en la Ciudad Polit\u00e9cnica de la Innovaci\u00f3n) donde est\u00e1n los salones de actos del Cubo Azul y del Cubo Rojo. Consultad la p\u00e1gina de &#8220;c\u00f3mo llegar&#8221; con informaci\u00f3n sobre el transporte p\u00fablico. Estamos en el extremo sureste del campus, el [&hellip;]<\/p>\n","protected":false},"author":2,"featured_media":0,"comment_status":"open","ping_status":"closed","sticky":false,"template":"","format":"standard","meta":{"footnotes":""},"categories":[1],"tags":[],"class_list":["post-360","post","type-post","status-publish","format-standard","hentry","category-uncategorized"],"_links":{"self":[{"href":"https:\/\/cias2014.webs.upv.es\/index.php?rest_route=\/wp\/v2\/posts\/360","targetHints":{"allow":["GET"]}}],"collection":[{"href":"https:\/\/cias2014.webs.upv.es\/index.php?rest_route=\/wp\/v2\/posts"}],"about":[{"href":"https:\/\/cias2014.webs.upv.es\/index.php?rest_route=\/wp\/v2\/types\/post"}],"author":[{"embeddable":true,"href":"https:\/\/cias2014.webs.upv.es\/index.php?rest_route=\/wp\/v2\/users\/2"}],"replies":[{"embeddable":true,"href":"https:\/\/cias2014.webs.upv.es\/index.php?rest_route=%2Fwp%2Fv2%2Fcomments&post=360"}],"version-history":[{"count":6,"href":"https:\/\/cias2014.webs.upv.es\/index.php?rest_route=\/wp\/v2\/posts\/360\/revisions"}],"predecessor-version":[{"id":368,"href":"https:\/\/cias2014.webs.upv.es\/index.php?rest_route=\/wp\/v2\/posts\/360\/revisions\/368"}],"wp:attachment":[{"href":"https:\/\/cias2014.webs.upv.es\/index.php?rest_route=%2Fwp%2Fv2%2Fmedia&parent=360"}],"wp:term":[{"taxonomy":"category","embeddable":true,"href":"https:\/\/cias2014.webs.upv.es\/index.php?rest_route=%2Fwp%2Fv2%2Fcategories&post=360"},{"taxonomy":"post_tag","embeddable":true,"href":"https:\/\/cias2014.webs.upv.es\/index.php?rest_route=%2Fwp%2Fv2%2Ftags&post=360"}],"curies":[{"name":"wp","href":"https:\/\/api.w.org\/{rel}","templated":true}]}}